{"id":1,"date":"2016-07-29T16:53:19","date_gmt":"2016-07-29T14:53:19","guid":{"rendered":"https:\/\/feldhof-tramin.com\/?p=1"},"modified":"2025-05-06T09:21:12","modified_gmt":"2025-05-06T07:21:12","slug":"feldhof","status":"publish","type":"post","link":"https:\/\/feldhof-tramin.com\/it\/feldhof\/","title":{"rendered":"Feldhof Termeno"},"content":{"rendered":"<h1><\/p>\r\n<!-- \/wp:post-content -->\r\n\r\n<!-- wp:heading {\"level\":1} -->\r\n<h1 class=\"wp-block-heading\">Entusiasmanti giorni di vacanza al Feldhof, Termeno<\/h1>\r\n<!-- \/wp:heading -->\r\n\r\n<!-- wp:heading -->\r\n<h2 class=\"wp-block-heading\">Una vacanza da sogno a Termeno, tra vigneti e Dolomiti<\/h2>\r\n<!-- \/wp:heading -->\r\n\r\n<!-- wp:paragraph -->\r\n<p>Immersa tra vigneti, in una posizione assolutamente tranquilla, si trova la nostra &#8220;<strong>casa del viticoltore<\/strong>&#8220;, con stupenda vista panoramica sulle montagne circostanti e sulla pianura sudtirolese (Bassa Atesina, Alto Adige). L&#8217;utilizzo della nuova piscina al Gutshof \u00e8 compresa (dista solo pochi minuti a piedi).<br>A solo 5 minuti di cammino \u00e8 possibile raggiungere il centro del paese di Termeno, patria del Gew\u00fcrztraminer, conosciuto in tutto il mondo, il vicino lago di Caldaro dista solo 3 km.<br>La nostra casa \u00e8 un ideale punto di partenza per passeggiate ed escursioni, nonch\u00e8 gite in bicicletta.<\/p>\r\n<!-- \/wp:paragraph -->\r\n\r\n<!-- wp:image {\"id\":13745,\"align\":\"center\"} -->\r\n<figure class=\"wp-block-image aligncenter\"><img loading=\"lazy\" decoding=\"async\" width=\"840\" height=\"382\" src=\"https:\/\/feldhof-tramin.com\/wp-content\/uploads\/2016\/07\/feldhof_01.webp\" alt=\"Feldhof AgriSuite-Apartments mit Sky-Pool auf der Dachterrasse\" class=\"wp-image-13745\" srcset=\"https:\/\/feldhof-tramin.com\/wp-content\/uploads\/2016\/07\/feldhof_01.webp 840w, https:\/\/feldhof-tramin.com\/wp-content\/uploads\/2016\/07\/feldhof_01-600x273.webp 600w, https:\/\/feldhof-tramin.com\/wp-content\/uploads\/2016\/07\/feldhof_01-768x349.webp 768w\" sizes=\"auto, (max-width: 840px) 100vw, 840px\" \/><\/figure>\r\n<!-- \/wp:image -->\r\n\r\n<!-- wp:paragraph -->\r\n<p><br>Il clima mite di Termeno rende il nostro giardino mediterraneo con cipressi e palme, in un luogo nel quale vi potete rilassare, sentirvi a proprio agio e soprattutto godervi il sole!<\/p>\r\n<!-- \/wp:paragraph -->\r\n\r\n<!-- wp:paragraph -->\r\n<p>Potrete parcheggiare la vostra auto nel nostro ampio e ombreggiato parcheggio.<\/p>\r\n<!-- \/wp:paragraph -->\r\n\r\n<!-- wp:image {\"id\":13721,\"align\":\"center\"} -->\r\n<figure class=\"wp-block-image aligncenter\"><img loading=\"lazy\" decoding=\"async\" width=\"1600\" height=\"750\" src=\"https:\/\/feldhof-tramin.com\/wp-content\/uploads\/2024\/06\/feldhof_home_01-1-1600x750.webp\" alt=\"\" class=\"wp-image-13721\" srcset=\"https:\/\/feldhof-tramin.com\/wp-content\/uploads\/2024\/06\/feldhof_home_01-1-1600x750.webp 1600w, https:\/\/feldhof-tramin.com\/wp-content\/uploads\/2024\/06\/feldhof_home_01-1-600x281.webp 600w, https:\/\/feldhof-tramin.com\/wp-content\/uploads\/2024\/06\/feldhof_home_01-1-768x360.webp 768w, https:\/\/feldhof-tramin.com\/wp-content\/uploads\/2024\/06\/feldhof_home_01-1-1536x720.webp 1536w, https:\/\/feldhof-tramin.com\/wp-content\/uploads\/2024\/06\/feldhof_home_01-1-2048x960.webp 2048w\" sizes=\"auto, (max-width: 1600px) 100vw, 1600px\" \/><\/figure>\r\n<!-- \/wp:image -->\r\n\r\n<!-- wp:heading {\"textAlign\":\"center\",\"level\":3} -->\r\n<h3 class=\"wp-block-heading has-text-align-center\">Appartamenti:<\/h3>\r\n<!-- \/wp:heading -->\r\n\r\n<!-- wp:paragraph {\"align\":\"center\"} -->\r\n<p class=\"has-text-align-center\"><strong>Suite Panorama (80 m\u00b2) per 2-5 persone<br>Suite Giardino (50 m\u00b2) per 2-4 persone<br>Studio Superior (70 m\u00b2) per 2-4 persone<\/strong><\/p>\r\n<!-- \/wp:paragraph -->\r\n\r\n<!-- wp:paragraph {\"align\":\"center\"} -->\r\n<p class=\"has-text-align-center\">Gli spaziosi appartamenti AgriSuite sono modernamente arredati, dotati di ampi balconi con vista panoramica sull&#8217;ampia Val d&#8217;Adige o di terrazza e giardino con vista sui vigneti e sulla valle, letto matrimoniale, aria condizionata, bagno con doccia, WC, bidet e lavabo, angolo cottura con microonde, lavastoviglie, zona soggiorno, divano letto, WLAN a fibra ottica e TV satellitare.<\/p>\r\n<!-- \/wp:paragraph -->\r\n\r\n<!-- wp:paragraph {\"align\":\"center\"} -->\r\n<p class=\"has-text-align-center\">Offriamo anche un &#8220;servizio pane&#8221;.<br>Che siate in coppia o con tutta la famiglia, siamo sicuri di avere l&#8217;appartamento giusto per voi! <a href=\"https:\/\/feldhof-tramin.com\/it\/wohnen-im-feldhof\/\" title=\"Wohnen im Feldhof\">pi\u00f9 info \u2026<\/a><\/p>\r\n<!-- \/wp:paragraph -->\r\n\r\n<!-- wp:paragraph {\"align\":\"center\"} -->\r\n<p class=\"has-text-align-center\"><\/p>\r\n<!-- \/wp:paragraph -->\r\n\r\n<!-- wp:jetpack\/tiled-gallery \/-->\r\n\r\n<!-- wp:jetpack\/tiled-gallery {\"columns\":3,\"columnWidths\":[[\"67.57829\",\"32.42171\"],[\"33.94686\",\"66.05314\"],[\"49.69953\",\"50.30047\"],[\"100.00000\"],[\"40.28864\",\"59.71136\"],[\"63.78697\",\"36.21303\"]],\"ids\":[15107,13772,13776,13777,13774,13769,13771,13770,13782,13781,13780,13783,13785,13784],\"linkTo\":\"media\"} -->\r\n<div class=\"wp-block-jetpack-tiled-gallery aligncenter is-style-rectangular\"><div class=\"\"><div class=\"tiled-gallery__gallery\"><div class=\"tiled-gallery__row\"><div class=\"tiled-gallery__col\" style=\"flex-basis:67.57829%\"><figure class=\"tiled-gallery__item\"><a href=\"https:\/\/feldhof-tramin.com\/wp-content\/uploads\/2024\/08\/feldhof_01-1600x1068.jpg\" rel=\"lightbox-0\"><img decoding=\"async\" alt=\"\" data-height=\"1669\" data-id=\"15107\" data-link=\"https:\/\/feldhof-tramin.com\/index\/feldhof_01-2\/\" data-url=\"https:\/\/feldhof-tramin.com\/wp-content\/uploads\/2024\/08\/feldhof_01-1600x1068.jpg\" data-width=\"2500\" src=\"https:\/\/i0.wp.com\/feldhof-tramin.com\/wp-content\/uploads\/2024\/08\/feldhof_01-1600x1068.jpg?ssl=1\" data-amp-layout=\"responsive\" tabindex=\"0\" role=\"button\" aria-label=\"Bild\u00a01 von 14 im Vollbildmodus \u00f6ffnen\"\/><\/a><\/figure><\/div><div class=\"tiled-gallery__col\" style=\"flex-basis:32.42171%\"><figure class=\"tiled-gallery__item\"><a href=\"https:\/\/feldhof-tramin.com\/wp-content\/uploads\/2024\/06\/Feldhof_04-1600x1148.jpg\" rel=\"lightbox-1\"><img decoding=\"async\" alt=\"\" data-height=\"1793\" data-id=\"13772\" data-link=\"https:\/\/feldhof-tramin.com\/feldhof\/feldhof_04-2\/\" data-url=\"https:\/\/feldhof-tramin.com\/wp-content\/uploads\/2024\/06\/Feldhof_04-1600x1148.jpg\" data-width=\"2500\" src=\"https:\/\/i0.wp.com\/feldhof-tramin.com\/wp-content\/uploads\/2024\/06\/Feldhof_04-1600x1148.jpg?ssl=1\" data-amp-layout=\"responsive\" tabindex=\"0\" role=\"button\" aria-label=\"Bild\u00a02 von 14 im Vollbildmodus \u00f6ffnen\"\/><\/a><\/figure><figure class=\"tiled-gallery__item\"><a href=\"https:\/\/feldhof-tramin.com\/wp-content\/uploads\/2024\/06\/whirl_02-1600x1068.jpg\" rel=\"lightbox-2\"><img decoding=\"async\" alt=\"\" data-height=\"1668\" data-id=\"13776\" data-link=\"https:\/\/feldhof-tramin.com\/feldhof\/whirl_02\/\" data-url=\"https:\/\/feldhof-tramin.com\/wp-content\/uploads\/2024\/06\/whirl_02-1600x1068.jpg\" data-width=\"2500\" src=\"https:\/\/i0.wp.com\/feldhof-tramin.com\/wp-content\/uploads\/2024\/06\/whirl_02-1600x1068.jpg?ssl=1\" data-amp-layout=\"responsive\" tabindex=\"0\" role=\"button\" aria-label=\"Bild\u00a03 von 14 im Vollbildmodus \u00f6ffnen\"\/><\/a><\/figure><\/div><\/div><div class=\"tiled-gallery__row\"><div class=\"tiled-gallery__col\" style=\"flex-basis:33.94686%\"><figure class=\"tiled-gallery__item\"><a href=\"https:\/\/feldhof-tramin.com\/wp-content\/uploads\/2024\/06\/whirl_31-1600x1068.jpg\" rel=\"lightbox-3\"><img decoding=\"async\" alt=\"\" data-height=\"1668\" data-id=\"13777\" data-link=\"https:\/\/feldhof-tramin.com\/feldhof\/whirl_31-2\/\" data-url=\"https:\/\/feldhof-tramin.com\/wp-content\/uploads\/2024\/06\/whirl_31-1600x1068.jpg\" data-width=\"2500\" src=\"https:\/\/i0.wp.com\/feldhof-tramin.com\/wp-content\/uploads\/2024\/06\/whirl_31-1600x1068.jpg?ssl=1\" data-amp-layout=\"responsive\" tabindex=\"0\" role=\"button\" aria-label=\"Bild\u00a04 von 14 im Vollbildmodus \u00f6ffnen\"\/><\/a><\/figure><figure class=\"tiled-gallery__item\"><a href=\"https:\/\/feldhof-tramin.com\/wp-content\/uploads\/2024\/06\/whirl_34-1600x1068.jpg\" rel=\"lightbox-4\"><img decoding=\"async\" alt=\"\" data-height=\"1668\" data-id=\"13774\" data-link=\"https:\/\/feldhof-tramin.com\/feldhof\/whirl_34\/\" data-url=\"https:\/\/feldhof-tramin.com\/wp-content\/uploads\/2024\/06\/whirl_34-1600x1068.jpg\" data-width=\"2500\" src=\"https:\/\/i0.wp.com\/feldhof-tramin.com\/wp-content\/uploads\/2024\/06\/whirl_34-1600x1068.jpg?ssl=1\" data-amp-layout=\"responsive\" tabindex=\"0\" role=\"button\" aria-label=\"Bild\u00a05 von 14 im Vollbildmodus \u00f6ffnen\"\/><\/a><\/figure><\/div><div class=\"tiled-gallery__col\" style=\"flex-basis:66.05314%\"><figure class=\"tiled-gallery__item\"><a href=\"https:\/\/feldhof-tramin.com\/wp-content\/uploads\/2024\/06\/Wohnung_03_01-1600x1103.jpg\" rel=\"lightbox-5\"><img decoding=\"async\" alt=\"\" data-height=\"1724\" data-id=\"13769\" data-link=\"https:\/\/feldhof-tramin.com\/feldhof\/wohnung_03_01-4\/\" data-url=\"https:\/\/feldhof-tramin.com\/wp-content\/uploads\/2024\/06\/Wohnung_03_01-1600x1103.jpg\" data-width=\"2500\" src=\"https:\/\/i0.wp.com\/feldhof-tramin.com\/wp-content\/uploads\/2024\/06\/Wohnung_03_01-1600x1103.jpg?ssl=1\" data-amp-layout=\"responsive\" tabindex=\"0\" role=\"button\" aria-label=\"Bild\u00a06 von 14 im Vollbildmodus \u00f6ffnen\"\/><\/a><\/figure><\/div><\/div><div class=\"tiled-gallery__row\"><div class=\"tiled-gallery__col\" style=\"flex-basis:49.69953%\"><figure class=\"tiled-gallery__item\"><a href=\"https:\/\/feldhof-tramin.com\/wp-content\/uploads\/2024\/06\/Wohnung_03_02-1600x1068.jpg\" rel=\"lightbox-6\"><img decoding=\"async\" alt=\"\" data-height=\"1668\" data-id=\"13771\" data-link=\"https:\/\/feldhof-tramin.com\/feldhof\/wohnung_03_02-2\/\" data-url=\"https:\/\/feldhof-tramin.com\/wp-content\/uploads\/2024\/06\/Wohnung_03_02-1600x1068.jpg\" data-width=\"2500\" src=\"https:\/\/i0.wp.com\/feldhof-tramin.com\/wp-content\/uploads\/2024\/06\/Wohnung_03_02-1600x1068.jpg?ssl=1\" data-amp-layout=\"responsive\" tabindex=\"0\" role=\"button\" aria-label=\"Bild\u00a07 von 14 im Vollbildmodus \u00f6ffnen\"\/><\/a><\/figure><\/div><div class=\"tiled-gallery__col\" style=\"flex-basis:50.30047%\"><figure class=\"tiled-gallery__item\"><a href=\"https:\/\/feldhof-tramin.com\/wp-content\/uploads\/2024\/06\/Wohnung_03_04-1600x1055.jpg\" rel=\"lightbox-7\"><img decoding=\"async\" alt=\"\" data-height=\"1648\" data-id=\"13770\" data-link=\"https:\/\/feldhof-tramin.com\/feldhof\/wohnung_03_04\/\" data-url=\"https:\/\/feldhof-tramin.com\/wp-content\/uploads\/2024\/06\/Wohnung_03_04-1600x1055.jpg\" data-width=\"2500\" src=\"https:\/\/i0.wp.com\/feldhof-tramin.com\/wp-content\/uploads\/2024\/06\/Wohnung_03_04-1600x1055.jpg?ssl=1\" data-amp-layout=\"responsive\" tabindex=\"0\" role=\"button\" aria-label=\"Bild\u00a08 von 14 im Vollbildmodus \u00f6ffnen\"\/><\/a><\/figure><\/div><\/div><div class=\"tiled-gallery__row\"><div class=\"tiled-gallery__col\" style=\"flex-basis:100.00000%\"><figure class=\"tiled-gallery__item\"><a href=\"https:\/\/feldhof-tramin.com\/wp-content\/uploads\/2024\/06\/HDR-Panorama-Wohnung-3-1600x515.jpg\" rel=\"lightbox-8\"><img decoding=\"async\" alt=\"\" data-height=\"824\" data-id=\"13782\" data-link=\"https:\/\/feldhof-tramin.com\/feldhof\/hdr-panorama-wohnung-3\/\" data-url=\"https:\/\/feldhof-tramin.com\/wp-content\/uploads\/2024\/06\/HDR-Panorama-Wohnung-3-1600x515.jpg\" data-width=\"2560\" src=\"https:\/\/i0.wp.com\/feldhof-tramin.com\/wp-content\/uploads\/2024\/06\/HDR-Panorama-Wohnung-3-1600x515.jpg?ssl=1\" data-amp-layout=\"responsive\" tabindex=\"0\" role=\"button\" aria-label=\"Bild\u00a09 von 14 im Vollbildmodus \u00f6ffnen\"\/><\/a><\/figure><\/div><\/div><div class=\"tiled-gallery__row\"><div class=\"tiled-gallery__col\" style=\"flex-basis:40.28864%\"><figure class=\"tiled-gallery__item\"><a href=\"https:\/\/feldhof-tramin.com\/wp-content\/uploads\/2024\/06\/Wohnung_03_03-1600x944.jpg\" rel=\"lightbox-9\"><img decoding=\"async\" alt=\"\" data-height=\"1475\" data-id=\"13781\" data-link=\"https:\/\/feldhof-tramin.com\/feldhof\/wohnung_03_03\/\" data-url=\"https:\/\/feldhof-tramin.com\/wp-content\/uploads\/2024\/06\/Wohnung_03_03-1600x944.jpg\" data-width=\"2500\" src=\"https:\/\/i0.wp.com\/feldhof-tramin.com\/wp-content\/uploads\/2024\/06\/Wohnung_03_03-1600x944.jpg?ssl=1\" data-amp-layout=\"responsive\" tabindex=\"0\" role=\"button\" aria-label=\"Bild\u00a010 von 14 im Vollbildmodus \u00f6ffnen\"\/><\/a><\/figure><\/div><div class=\"tiled-gallery__col\" style=\"flex-basis:59.71136%\"><figure class=\"tiled-gallery__item\"><a href=\"https:\/\/feldhof-tramin.com\/wp-content\/uploads\/2024\/06\/Wohnung_03_Bad_HDR-1600x636.jpg\" rel=\"lightbox-10\"><img decoding=\"async\" alt=\"\" data-height=\"1017\" data-id=\"13780\" data-link=\"https:\/\/feldhof-tramin.com\/feldhof\/wohnung_03_bad_hdr-2\/\" data-url=\"https:\/\/feldhof-tramin.com\/wp-content\/uploads\/2024\/06\/Wohnung_03_Bad_HDR-1600x636.jpg\" data-width=\"2560\" src=\"https:\/\/i0.wp.com\/feldhof-tramin.com\/wp-content\/uploads\/2024\/06\/Wohnung_03_Bad_HDR-1600x636.jpg?ssl=1\" data-amp-layout=\"responsive\" tabindex=\"0\" role=\"button\" aria-label=\"Bild\u00a011 von 14 im Vollbildmodus \u00f6ffnen\"\/><\/a><\/figure><\/div><\/div><div class=\"tiled-gallery__row\"><div class=\"tiled-gallery__col\" style=\"flex-basis:63.78697%\"><figure class=\"tiled-gallery__item\"><a href=\"https:\/\/feldhof-tramin.com\/wp-content\/uploads\/2024\/06\/DSC03079-1600x1200.jpg\" rel=\"lightbox-11\"><img decoding=\"async\" alt=\"\" data-height=\"1920\" data-id=\"13783\" data-link=\"https:\/\/feldhof-tramin.com\/feldhof\/dsc03079\/\" data-url=\"https:\/\/feldhof-tramin.com\/wp-content\/uploads\/2024\/06\/DSC03079-1600x1200.jpg\" data-width=\"2560\" src=\"https:\/\/i0.wp.com\/feldhof-tramin.com\/wp-content\/uploads\/2024\/06\/DSC03079-1600x1200.jpg?ssl=1\" data-amp-layout=\"responsive\" tabindex=\"0\" role=\"button\" aria-label=\"Bild\u00a012 von 14 im Vollbildmodus \u00f6ffnen\"\/><\/a><\/figure><\/div><div class=\"tiled-gallery__col\" style=\"flex-basis:36.21303%\"><figure class=\"tiled-gallery__item\"><a href=\"https:\/\/feldhof-tramin.com\/wp-content\/uploads\/2024\/06\/DSC03100-1600x1200.jpg\" rel=\"lightbox-12\"><img decoding=\"async\" alt=\"\" data-height=\"1920\" data-id=\"13785\" data-link=\"https:\/\/feldhof-tramin.com\/feldhof\/dsc03100\/\" data-url=\"https:\/\/feldhof-tramin.com\/wp-content\/uploads\/2024\/06\/DSC03100-1600x1200.jpg\" data-width=\"2560\" src=\"https:\/\/i0.wp.com\/feldhof-tramin.com\/wp-content\/uploads\/2024\/06\/DSC03100-1600x1200.jpg?ssl=1\" data-amp-layout=\"responsive\" tabindex=\"0\" role=\"button\" aria-label=\"Bild\u00a013 von 14 im Vollbildmodus \u00f6ffnen\"\/><\/a><\/figure><figure class=\"tiled-gallery__item\"><a href=\"https:\/\/feldhof-tramin.com\/wp-content\/uploads\/2024\/06\/Outdoor-whirlpool-massage-1600x901.jpg\" rel=\"lightbox-13\"><img decoding=\"async\" alt=\"\" data-height=\"1442\" data-id=\"13784\" data-link=\"https:\/\/feldhof-tramin.com\/feldhof\/outdoor-whirlpool-massage\/\" data-url=\"https:\/\/feldhof-tramin.com\/wp-content\/uploads\/2024\/06\/Outdoor-whirlpool-massage-1600x901.jpg\" data-width=\"2560\" src=\"https:\/\/i0.wp.com\/feldhof-tramin.com\/wp-content\/uploads\/2024\/06\/Outdoor-whirlpool-massage-1600x901.jpg?ssl=1\" data-amp-layout=\"responsive\" tabindex=\"0\" role=\"button\" aria-label=\"Bild\u00a014 von 14 im Vollbildmodus \u00f6ffnen\"\/><\/a><\/figure><\/div><\/div><\/div><\/div><\/div>\r\n<!-- \/wp:jetpack\/tiled-gallery -->\r\n\r\n<!-- wp:paragraph {\"align\":\"center\"} -->\r\n<p class=\"has-text-align-center\"><\/p>\r\n<!-- \/wp:paragraph -->\r\n\r\n<!-- wp:paragraph -->\r\n<p><strong>Degustate i nostri prodotti fatti in casa!<\/strong><\/p>\r\n<!-- \/wp:paragraph -->\r\n\r\n<!-- wp:paragraph -->\r\n<p>Riposati e rilassati potete concludere la vostra giornata di vacanza in bellezza, bevendo un buon bicchiere di vino o succo di mela di nostra produzione.<\/p>\r\n<!-- \/wp:paragraph -->\r\n\r\n<!-- wp:image {\"id\":17164,\"width\":\"189px\",\"height\":\"auto\",\"sizeSlug\":\"full\",\"linkDestination\":\"custom\",\"align\":\"right\"} -->\r\n<figure class=\"wp-block-image alignright size-full is-resized\"><img loading=\"lazy\" decoding=\"async\" width=\"800\" height=\"1067\" src=\"https:\/\/feldhof-tramin.com\/wp-content\/uploads\/2024\/11\/familienfoto-web.jpg\" alt=\"\" class=\"wp-image-17164\" style=\"width:189px;height:auto\" srcset=\"https:\/\/feldhof-tramin.com\/wp-content\/uploads\/2024\/11\/familienfoto-web.jpg 800w, https:\/\/feldhof-tramin.com\/wp-content\/uploads\/2024\/11\/familienfoto-web-450x600.jpg 450w, https:\/\/feldhof-tramin.com\/wp-content\/uploads\/2024\/11\/familienfoto-web-768x1024.jpg 768w\" sizes=\"auto, (max-width: 800px) 100vw, 800px\" \/><\/figure>\r\n<!-- \/wp:image -->\r\n\r\n<!-- wp:paragraph -->\r\n<p><strong>Vi diamo un caloroso benvenuto al Feldhof!<\/strong><\/p>\r\n<!-- \/wp:paragraph -->\r\n\r\n<!-- wp:paragraph -->\r\n<p><em>famiglia Rellich Christian &amp; Erika <\/em><br><em>con la figlia Marion e il figlio Michael<\/em><br><br><\/p>\r\n<!-- \/wp:paragraph -->\r\n\r\n<!-- wp:html -->\r\n<div id=\"rhLogoCont\">&nbsp;<\/div>\r\n<!-- \/wp:html -->\r\n\r\n<!-- wp:paragraph -->\r\n<p><\/p>\r\n<!-- \/wp:paragraph -->","protected":false},"excerpt":{"rendered":"<p>Entusiasmanti giorni di vacanza al Feldhof, Termeno Una vacanza da sogno a Termeno, tra vigneti e Dolomiti Immersa tra vigneti, in una posizione assolutamente tranquilla, si trova la nostra &#8220;casa del viticoltore&#8220;, con stupenda vista panoramica sulle montagne circostanti e sulla pianura sudtirolese (Bassa Atesina, Alto Adige). L&#8217;utilizzo della nuova piscina al Gutshof \u00e8 compresa (dista solo pochi minuti a piedi).A solo 5 minuti di cammino \u00e8 possibile raggiungere il centro del paese di Termeno, patria del Gew\u00fcrztraminer, conosciuto in tutto il mondo, il vicino&#8230;<span class=\"clearfix clearfix-post\"><\/span><a href=\"https:\/\/feldhof-tramin.com\/it\/feldhof\/\" class=\"more-link\">Continue Reading <span class=\"screen-reader-text\">&#8220;Feldhof Termeno&#8221;<\/span> <span class=\"meta-nav\">&rarr;<\/span><\/a><\/p>\n","protected":false},"author":1,"featured_media":13709,"comment_status":"closed","ping_status":"closed","sticky":false,"template":"","format":"standard","meta":{"pgc_sgb_lightbox_settings":"","footnotes":""},"categories":[5],"tags":[],"class_list":["post-1","post","type-post","status-publish","format-standard","has-post-thumbnail","hentry","category-home-slider"],"_links":{"self":[{"href":"https:\/\/feldhof-tramin.com\/it\/wp-json\/wp\/v2\/posts\/1","targetHints":{"allow":["GET"]}}],"collection":[{"href":"https:\/\/feldhof-tramin.com\/it\/wp-json\/wp\/v2\/posts"}],"about":[{"href":"https:\/\/feldhof-tramin.com\/it\/wp-json\/wp\/v2\/types\/post"}],"author":[{"embeddable":true,"href":"https:\/\/feldhof-tramin.com\/it\/wp-json\/wp\/v2\/users\/1"}],"replies":[{"embeddable":true,"href":"https:\/\/feldhof-tramin.com\/it\/wp-json\/wp\/v2\/comments?post=1"}],"version-history":[{"count":82,"href":"https:\/\/feldhof-tramin.com\/it\/wp-json\/wp\/v2\/posts\/1\/revisions"}],"predecessor-version":[{"id":26683,"href":"https:\/\/feldhof-tramin.com\/it\/wp-json\/wp\/v2\/posts\/1\/revisions\/26683"}],"wp:featuredmedia":[{"embeddable":true,"href":"https:\/\/feldhof-tramin.com\/it\/wp-json\/wp\/v2\/media\/13709"}],"wp:attachment":[{"href":"https:\/\/feldhof-tramin.com\/it\/wp-json\/wp\/v2\/media?parent=1"}],"wp:term":[{"taxonomy":"category","embeddable":true,"href":"https:\/\/feldhof-tramin.com\/it\/wp-json\/wp\/v2\/categories?post=1"},{"taxonomy":"post_tag","embeddable":true,"href":"https:\/\/feldhof-tramin.com\/it\/wp-json\/wp\/v2\/tags?post=1"}],"curies":[{"name":"wp","href":"https:\/\/api.w.org\/{rel}","templated":true}]}}